{"id":396,"date":"2026-04-27T20:08:17","date_gmt":"2026-04-27T17:08:17","guid":{"rendered":"https:\/\/clujmodern.ro\/?p=396"},"modified":"2026-04-27T20:28:39","modified_gmt":"2026-04-27T17:28:39","slug":"2026","status":"publish","type":"post","link":"https:\/\/clujmodern.ro\/?p=396","title":{"rendered":"2026"},"content":{"rendered":"\n<h2 class=\"wp-block-heading\">\u201eANIVERS&#8221;<\/h2>\n\n\n\n<p>Academia Na\u021bional\u0103 de Muzic\u0103 \u201eGheorghe Dima\u201d din Cluj-Napoca invit\u0103 publicul la cea de-a XVI-a edi\u021bie a <strong>Festivalului de Muzic\u0103 Contemporan\u0103 Cluj Modern<\/strong>, care va avea loc \u00een perioada <strong>16\u201322 mai 2026<\/strong>. Unul dintre cele mai longevive \u0219i prestigioase festivaluri de muzic\u0103 nou\u0103 din Rom\u00e2nia, Cluj Modern a fost ini\u021biat \u00een 1993 de compozitorul \u0219i academicianul Cornel \u021a\u0103ranu.<\/p>\n\n\n\n<p>&nbsp;&nbsp;&nbsp;&nbsp;&nbsp;&nbsp;&nbsp;&nbsp;&nbsp;&nbsp;&nbsp; \u00cencep\u00e2nd cu anul 2009, Festivalul a fost preluat de Adrian Pop, care a continuat dezvoltarea acestuia, sub mentoratul maestrului Cornel \u021a\u0103ranu, consolid\u00e2ndu-i statutul de platform\u0103 esen\u021bial\u0103 pentru promovarea crea\u021biei contemporane.&nbsp;&nbsp;&nbsp;&nbsp;&nbsp;&nbsp;&nbsp;&nbsp;&nbsp;&nbsp;<\/p>\n\n\n\n<p>&nbsp;&nbsp;&nbsp;&nbsp;&nbsp;&nbsp;&nbsp;&nbsp;&nbsp;&nbsp;&nbsp; Edi\u021bia din 2026 marcheaz\u0103 un moment de continuitate, dar \u0219i de reconfigurare: direc\u021bia artistic\u0103 este preluat\u0103 de compozitorul Cristian Bence-Muk, vicepre\u0219edinte al Uniunii Compozitorilor \u0219i Muzicologilor din Rom\u00e2nia. Sub conducerea sa, Festivalul \u00ee\u0219i p\u0103streaz\u0103 identitatea definitorie &#8211; deschiderea stilistic\u0103, dialogul \u00eentre genera\u021bii \u0219i echilibrul dintre tradi\u021bie \u0219i experiment &#8211; propun\u00e2nd \u0219apte zile de concerte tematice, recitaluri, produc\u021bii camerale \u0219i un simpozion dedicat muzicii contemporane.<\/p>\n\n\n\n<p>&nbsp;&nbsp;&nbsp;&nbsp;&nbsp;&nbsp;&nbsp;&nbsp;&nbsp;&nbsp;&nbsp; Desf\u0103\u0219urat\u0103 sub genericul \u201eANIVERS&#8221;, edi\u021bia din acest an este marcat\u0103 de dou\u0103 anivers\u0103ri importante, emo\u021bionante \u0219i relevante pentru lumea muzical\u0103: Adrian Pop \u2013 75 de ani \u0219i Gy\u00f6rgy Kurt\u00e1g \u2013 100 de ani. \u00cen acest context, lucr\u0103ri semnate de Adrian Pop vor fi prezente \u00een aproape fiecare sear\u0103 de concert, iar finalul Festivalului va fi marcat de concertul \u201eKurt\u00e1g \u2013 100\u201d, realizat \u00een parteneriat cu Filarmonica de Stat \u201eTransilvania\u201d din Cluj-Napoca.<\/p>\n\n\n\n<p>&nbsp;&nbsp;&nbsp;&nbsp;&nbsp;&nbsp;&nbsp;&nbsp;&nbsp;&nbsp;&nbsp; \u00cen cele \u0219apte seri ale Festivalului, publicul clujean se va putea delecta cu imaginea sonor\u0103 de moment a muzicii noi rom\u00e2ne\u0219ti \u0219i interna\u021bionale, prin diversitatea celor 53 de compozitori cuprin\u0219i \u00een Festival, dintre care 33 sunt autori rom\u00e2ni, iar 20 sunt str\u0103ini.<\/p>\n\n\n\n<p>&nbsp;&nbsp;&nbsp;&nbsp;&nbsp;&nbsp;&nbsp;&nbsp;&nbsp;&nbsp;&nbsp; \u201ePreluarea organiz\u0103rii Festivalului, \u00eencep\u00e2nd cu aceast\u0103 edi\u021bie, m\u0103 onoreaz\u0103, dar m\u0103 \u0219i oblig\u0103 \u00een mod deosebit \u0219i se \u00eenscrie \u00een frumoasa tradi\u021bie \u0219i continuitate clujean\u0103, care adun\u0103 la un loc genera\u021bii succesive de compozitori, prin rela\u021bia personal\u0103 dintre mentor \u0219i discipoli\u201d, a declarat prof. univ. dr. Cristian Bence-Muk.&nbsp;&nbsp;&nbsp;&nbsp;&nbsp;&nbsp;&nbsp;&nbsp;&nbsp;&nbsp;&nbsp;&nbsp;&nbsp; <\/p>\n\n\n\n<p><strong>&nbsp;&nbsp;&nbsp;&nbsp;&nbsp;&nbsp;&nbsp;&nbsp;&nbsp;&nbsp;&nbsp; Organizator<\/strong>: Academia Na\u021bional\u0103 de Muzic\u0103 \u201eGheorghe Dima\u201d Cluj-Napoca \u00een parteneriat cu: Filarmonica de Stat \u201eTransilvania\u201d Cluj-Napoca, Asocia\u021bia Academiei de Muzic\u0103 \u201eGheorghe Dima\u201d. &nbsp;Evenimentul se desf\u0103\u015foar\u0103 cu sprijinul generos acordat de Aqua Carpatica, Banca Transilvania, Funda\u021bia Transilvania Leaders, Uniunea Compozitorilor \u0219i Muzicologilor din Rom\u00e2nia. &nbsp;Evenimentele Academiei de Muzic\u0103 sunt organizate, pe parcursul anului universitar 2025\/26, cu sprijinul companiei E-Infra.<\/p>\n\n\n\n<div data-wp-context=\"{ &quot;autoclose&quot;: false, &quot;accordionItems&quot;: [] }\" data-wp-interactive=\"core\/accordion\" role=\"group\" class=\"wp-block-accordion is-layout-flow wp-block-accordion-is-layout-flow\">\n<div data-wp-class--is-open=\"state.isOpen\" data-wp-context=\"{ &quot;id&quot;: &quot;accordion-item-1&quot;, &quot;openByDefault&quot;: false }\" data-wp-init=\"callbacks.initAccordionItems\" data-wp-on-window--hashchange=\"callbacks.hashChange\" class=\"wp-block-accordion-item is-layout-flow wp-block-accordion-item-is-layout-flow\">\n<h3 class=\"wp-block-accordion-heading\"><button aria-expanded=\"false\" aria-controls=\"accordion-item-1-panel\" data-wp-bind--aria-expanded=\"state.isOpen\" data-wp-on--click=\"actions.toggle\" data-wp-on--keydown=\"actions.handleKeyDown\" id=\"accordion-item-1\" type=\"button\" class=\"wp-block-accordion-heading__toggle\"><span class=\"wp-block-accordion-heading__toggle-title\">Programul festivalului<\/span><span class=\"wp-block-accordion-heading__toggle-icon\" aria-hidden=\"true\">+<\/span><\/button><\/h3>\n\n\n\n<div inert aria-labelledby=\"accordion-item-1\" data-wp-bind--inert=\"!state.isOpen\" id=\"accordion-item-1-panel\" role=\"region\" class=\"wp-block-accordion-panel is-layout-flow wp-block-accordion-panel-is-layout-flow\">\n<p>S\u00e2mb\u0103t\u0103, 16 mai 2026, ora 19 \/ ANMGD, Amfiteatrul \u201eCornel \u021a\u0103ranu\u201d&nbsp;<\/p>\n\n\n\n<p>\u201eUN PEDAGOG DE \u0218COAL\u0102 VECHE\u201d<\/p>\n\n\n\n<p>Ansamblul COULEURS<\/p>\n\n\n\n<p>conducerea muzical\u0103 Alexandru \u0218tefan Murariu<\/p>\n\n\n\n<p>Lucr\u0103ri de \u00c1ron T\u00f6r\u00f6k-Gyurk\u00f3, Alexandru \u015etefan Murariu, Cristian Bence-Muk, \u015eerban Marcu, Sebastian \u0162un\u0103, G\u00e1sp\u00e1r Veress, Tiberiu Herdlicska<\/p>\n\n\n\n<hr class=\"wp-block-separator has-alpha-channel-opacity\"\/>\n\n\n\n<p>Duminic\u0103, 17 mai 2026, ora 19 \/ Amfiteatrul \u201eCornel \u021a\u0103ranu\u201d&nbsp;<\/p>\n\n\n\n<p>\u201eCLUJ \u00c0 LA CARTE\u201d&nbsp;&nbsp;<\/p>\n\n\n\n<p>Trio AXIS MUNDI<\/p>\n\n\n\n<p>Cristian Hodrea \u2013 bariton, Geani Brad \u2013 bariton, Diana Dava Barb \u2013 pian,&nbsp;<\/p>\n\n\n\n<p>Emil Simion \u2013 percu\u021bie, R\u0103zvan Poptean \u2013 clarinet<\/p>\n\n\n\n<p>QUINTET FANTASTIQUE (studen\u021bi ai A.N.M.G.D.)<\/p>\n\n\n\n<p>Miriam Cifor \u2013 flaut, Sofia Ignat \u2013 pian (elevele C.M.S.T., prof. coordonatori: Raluca Neculai, Ramona Jannert-Telcian)<\/p>\n\n\n\n<p>Lucr\u0103ri de Adrian Pop, Constantin R\u00eep\u0103, Matei Pop, Ionic\u0103 Pop, Sigismund Todu\u0163\u0103, Valentin Timaru, Eugenia Cibisescu-Duran, Anamaria Meza, Gabriel Iranyi, Tudor Feraru, Aurelian B\u0103can, Hans Peter T\u00fcrk, Ciprian Pop, Adrian Borza<\/p>\n\n\n\n<hr class=\"wp-block-separator has-alpha-channel-opacity\"\/>\n\n\n\n<p>Luni, 18 mai 2026, ora 19 ANMGD \/&nbsp; Amfiteatrul \u201eCornel \u021a\u0103ranu\u201d&nbsp;<\/p>\n\n\n\n<p>\u201eVOCI IN CONTRASTO\u201d<\/p>\n\n\n\n<p>Irene Kurka \u2013 sopran\u0103 (Germania)&nbsp;<\/p>\n\n\n\n<p>Martin Wistinghausen \u2013 bas (Germania)&nbsp;<\/p>\n\n\n\n<p>Lucr\u0103ri de Martin Wistinghausen, Claes Biehl, Nikolaus Brass, Leah Muir, Violeta Dinescu, Farzia Fallah, Helmut Zapf, Charlotte Seither, Cristian Bence-Muk<\/p>\n\n\n\n<hr class=\"wp-block-separator has-alpha-channel-opacity\"\/>\n\n\n\n<p>Mar\u021bi, 19 mai 2026, ora 19, ANMGD \/&nbsp; Amfiteatrul \u201eCornel \u021a\u0103ranu\u201d&nbsp;<\/p>\n\n\n\n<p>\u201eELEPHONOS\u201d<\/p>\n\n\n\n<p>Ansamblul ATEM (Timi\u0219oara)<\/p>\n\n\n\n<p>conducerea muzical\u0103 Gabriel M\u0103l\u0103ncioiu<\/p>\n\n\n\n<p>Lucr\u0103ri de Elise Arancio, Salvatore Sciarrino, Adrian Pop, Ciprian Andrei Ion, Aleksandra Bajde, Gabriel Alma\u0219i, Dan Dediu, Gabriel M\u0103l\u0103ncioiu, Irina Perne\u0219<\/p>\n\n\n\n<hr class=\"wp-block-separator has-alpha-channel-opacity\"\/>\n\n\n\n<p>Miercuri, 20 mai 2026, ora 19 ANMGD \/&nbsp; Amfiteatrul \u201eCornel \u021a\u0103ranu\u201d&nbsp;<\/p>\n\n\n\n<p>\u201eNIGHTSCAPES\u201d<\/p>\n\n\n\n<p>Benedetto Boccuzzi \u2013 pian preparat \u0219i medii electronice (Italia)<\/p>\n\n\n\n<p>Lucr\u0103ri de Annea Lockwood, Barton McLean, Adrian Pop, Benedetto Boccuzzi, Cornel \u021a\u0103ranu, George Crumb, Anna Thorvaldsdottir, Diana Rotaru, Luigi Scarpa&nbsp;<\/p>\n\n\n\n<hr class=\"wp-block-separator has-alpha-channel-opacity\"\/>\n\n\n\n<p>Joi, 21 mai 2026, ora 10, sala 502<\/p>\n\n\n\n<p>Simpozionul Festivalului Cluj Modern, Edi\u021bia a XVI-a, \u201eAnivers\u201d, 2026<\/p>\n\n\n\n<p><em>Sunetul prezentului: discursuri, stiluri \u015fi practici interpretative \u00een muzica contemporan\u0103<\/em><\/p>\n\n\n\n<hr class=\"wp-block-separator has-alpha-channel-opacity\"\/>\n\n\n\n<p>Joi, 21 mai 2026, ora 19, ANMGD, Amfiteatrul \u201eCornel \u021a\u0103ranu\u201d<\/p>\n\n\n\n<p>\u201ePORTRET DE GENERA\u021aIE\u201d<\/p>\n\n\n\n<p>Ansamblul ADHOC<\/p>\n\n\n\n<p>Conducerea muzical\u0103 Adrian Pop<\/p>\n\n\n\n<p>Dirijor Matei Pop<\/p>\n\n\n\n<p>Diana \u021augui \u2013 sopran\u0103, Mihaela Maxim \u2013 mezzo-sopran\u0103<\/p>\n\n\n\n<p>Lucr\u0103ri de Doina Rotaru, Adrian Pop, Viorel Munteanu, Gy\u00f6rgy Selmeczi, Adrian Iorgulescu, Irina Hasna\u0219, C\u0103lin Ioachimescu, Fredrik Schwenk<\/p>\n\n\n\n<hr class=\"wp-block-separator has-alpha-channel-opacity\"\/>\n\n\n\n<p>Vineri, 22 mai 2026, ora 19, Auditorium Maximum Cluj-Napoca<\/p>\n\n\n\n<p>Concertul de \u00eenchidere<\/p>\n\n\n\n<p>\u201e\u00ceN\u0102L\u021a\u0102RI\u201d<\/p>\n\n\n\n<p>Orchestra \u0219i Corul Filarmonicii de Stat \u201eTransilvania\u201d<\/p>\n\n\n\n<p>Dirijor Gregory Vajda<\/p>\n\n\n\n<p>Gy\u00f6rgy Kurt\u00e1g<\/p>\n\n\n\n<p><em>Secolul lui Ligeti <\/em>(2023)<\/p>\n\n\n\n<p>Gy\u00f6rgy Kurt\u00e1g<\/p>\n\n\n\n<p><em>Petite musique solennelle<\/em> (2015)<\/p>\n\n\n\n<p>Igor Stravinski&nbsp;<\/p>\n\n\n\n<p><em>Simfonia Psalmilor<\/em> (1930)<\/p>\n\n\n\n<p>pauz\u0103&nbsp;<\/p>\n\n\n\n<p>Adrian Pop<\/p>\n\n\n\n<p><em>Solsti\u021biu<\/em> (1979)<\/p>\n\n\n\n<p>Claude Debussy<em>Nocturnes<\/em> (1899)<\/p>\n<\/div>\n<\/div>\n\n\n\n<div data-wp-class--is-open=\"state.isOpen\" data-wp-context=\"{ &quot;id&quot;: &quot;accordion-item-2&quot;, &quot;openByDefault&quot;: false }\" data-wp-init=\"callbacks.initAccordionItems\" data-wp-on-window--hashchange=\"callbacks.hashChange\" class=\"wp-block-accordion-item is-layout-flow wp-block-accordion-item-is-layout-flow\">\n<h3 class=\"wp-block-accordion-heading\"><button aria-expanded=\"false\" aria-controls=\"accordion-item-2-panel\" data-wp-bind--aria-expanded=\"state.isOpen\" data-wp-on--click=\"actions.toggle\" data-wp-on--keydown=\"actions.handleKeyDown\" id=\"accordion-item-2\" type=\"button\" class=\"wp-block-accordion-heading__toggle\"><span class=\"wp-block-accordion-heading__toggle-title\">Bilete<\/span><span class=\"wp-block-accordion-heading__toggle-icon\" aria-hidden=\"true\">+<\/span><\/button><\/h3>\n\n\n\n<div inert aria-labelledby=\"accordion-item-2\" data-wp-bind--inert=\"!state.isOpen\" id=\"accordion-item-2-panel\" role=\"region\" class=\"wp-block-accordion-panel is-layout-flow wp-block-accordion-panel-is-layout-flow\">\n<p><\/p>\n\n\n\n<p><strong>16-21 mai<\/strong>: Concerte camerale &#8211; Academia Na\u0163ional\u0103 de Muzic\u0103 \u201eGheorghe Dima\u201d<\/p>\n\n\n\n<p><a href=\"https:\/\/www.entertix.ro\/g\/1189\/festivalul-cluj-modern.html\">https:\/\/www.entertix.ro\/g\/1189\/festivalul-cluj-modern.html<\/a><\/p>\n\n\n\n<p><strong>22 mai<\/strong>: Concertul de \u00eenchidere &#8211; Filarmonica de Stat \u201eTransilvania&#8221;<\/p>\n\n\n\n<p><a href=\"https:\/\/www.entertix.ro\/bilete\/35670\/kurtag-100-22-mai-2026-casa-universitarilor-sala-auditorium-maximum-cluj-napoca.html\">https:\/\/www.entertix.ro\/bilete\/35670\/kurtag-100-22-mai-2026-casa-universitarilor-sala-auditorium-maximum-cluj-napoca.html<\/a><\/p>\n<\/div>\n<\/div>\n<\/div>\n\n\n\n<p><\/p>\n\n\n\n<p><\/p>\n\n\n\n<p><\/p>\n","protected":false},"excerpt":{"rendered":"<p>\u201eANIVERS&#8221;<\/p>\n","protected":false},"author":2,"featured_media":401,"comment_status":"open","ping_status":"open","sticky":true,"template":"","format":"standard","meta":{"footnotes":""},"categories":[1],"tags":[],"class_list":["post-396","post","type-post","status-publish","format-standard","has-post-thumbnail","hentry","category-fara-categorie"],"_links":{"self":[{"href":"https:\/\/clujmodern.ro\/index.php?rest_route=\/wp\/v2\/posts\/396","targetHints":{"allow":["GET"]}}],"collection":[{"href":"https:\/\/clujmodern.ro\/index.php?rest_route=\/wp\/v2\/posts"}],"about":[{"href":"https:\/\/clujmodern.ro\/index.php?rest_route=\/wp\/v2\/types\/post"}],"author":[{"embeddable":true,"href":"https:\/\/clujmodern.ro\/index.php?rest_route=\/wp\/v2\/users\/2"}],"replies":[{"embeddable":true,"href":"https:\/\/clujmodern.ro\/index.php?rest_route=%2Fwp%2Fv2%2Fcomments&post=396"}],"version-history":[{"count":6,"href":"https:\/\/clujmodern.ro\/index.php?rest_route=\/wp\/v2\/posts\/396\/revisions"}],"predecessor-version":[{"id":406,"href":"https:\/\/clujmodern.ro\/index.php?rest_route=\/wp\/v2\/posts\/396\/revisions\/406"}],"wp:featuredmedia":[{"embeddable":true,"href":"https:\/\/clujmodern.ro\/index.php?rest_route=\/wp\/v2\/media\/401"}],"wp:attachment":[{"href":"https:\/\/clujmodern.ro\/index.php?rest_route=%2Fwp%2Fv2%2Fmedia&parent=396"}],"wp:term":[{"taxonomy":"category","embeddable":true,"href":"https:\/\/clujmodern.ro\/index.php?rest_route=%2Fwp%2Fv2%2Fcategories&post=396"},{"taxonomy":"post_tag","embeddable":true,"href":"https:\/\/clujmodern.ro\/index.php?rest_route=%2Fwp%2Fv2%2Ftags&post=396"}],"curies":[{"name":"wp","href":"https:\/\/api.w.org\/{rel}","templated":true}]}}